{"id":1635,"date":"2021-01-08T17:10:30","date_gmt":"2021-01-08T16:10:30","guid":{"rendered":"https:\/\/spiritualite.com\/blog\/?p=1635"},"modified":"2023-06-19T20:44:18","modified_gmt":"2023-06-19T18:44:18","slug":"le-rythme-et-lenergie-de-cette-annee-2021","status":"publish","type":"post","link":"https:\/\/spiritualite.com\/blog\/le-rythme-et-lenergie-de-cette-annee-2021\/","title":{"rendered":"Le rythme et l&rsquo;\u00e9nergie de cette ann\u00e9e 2021"},"content":{"rendered":"\n<p><em>Cet article a \u00e9t\u00e9 r\u00e9dig\u00e9 par&nbsp;<em><a rel=\"noreferrer noopener\" href=\"https:\/\/spiritualite.com\/profil\/patricia-el-beze\" target=\"_blank\">Patricia El-Beze<\/a><\/em><\/em>&nbsp;<em>vous pouvez directement r\u00e9server une s\u00e9ance de&nbsp;<a href=\"https:\/\/spiritualite.com\/service\/74-etude-de-numerologie-vibratoire-evolutive-2h-consultation-plus-theme\">num\u00e9rologie <\/a>avec elle.<\/em><\/p>\n\n\n\n<p>Chaque ann\u00e9e est sous l&rsquo;influence&nbsp; d&rsquo;une \u00e9nergie particuli\u00e8re qui exerce son action&nbsp;sur l&rsquo;individu ou qu&rsquo;il soit sur terre.<\/p>\n\n\n\n<p>Que&nbsp;nous le voulions ou non, que nous&nbsp;en soyons conscient ou non, chaque jour, des \u00e9nergies nous entourent et agissent sur nous.<\/p>\n\n\n\n<p>Par la connaissance et la personnalisation de leurs influences , nous pourrons les utiliser pour r\u00e9aliser nos projets&nbsp;et notre mission parmi les hommes&#8230;2021 ANNEE JAUNE!<\/p>\n\n\n\n<h2 class=\"wp-block-heading\">Une ann\u00e9e jaune<\/h2>\n\n\n\n<p>Voici comment l\u2019\u00e9nergie d\u2019une ann\u00e9e Jaune influence nos vies et nos soci\u00e9t\u00e9s\u2026 L\u2019\u00e9nergie jaune est la deuxi\u00e8me \u00e9nergie qui descend sur terre \u27a2Apr\u00e8s l\u2019id\u00e9e qui vient du rouge, l\u2019\u00e9nergie jaune active le mouvement ; <\/p>\n\n\n\n<p>\u27a2 Elle dynamise l\u2019imagination et la cr\u00e9ativit\u00e9 ; <\/p>\n\n\n\n<p>\u27a2 Elle est magn\u00e9tique et attire tout ce dont nous avons besoin pour atteindre un but (inspirations, informations, personnes ressources). L\u2019\u00e9nergie jaune a un grand pouvoir vitalisant <\/p>\n\n\n\n<p>\u27a2 Elle renforce le syst\u00e8me osseux ;<\/p>\n\n\n\n<p> \u27a2 Elle aide \u00e0 la circulation du sang et \u00e0 la vitalit\u00e9 de ses cellules. <\/p>\n\n\n\n<p>\u27a2 Elle d\u00e9gage les bronches et chasse la tristesse qui nous emp\u00eache de respirer \u00e0 pleins poumons. <\/p>\n\n\n\n<p>\u27a2 Elle est au service de la mati\u00e8re et agit b\u00e9n\u00e9fiquement sur les plantes et les animaux. L\u2019\u00e9nergie jaune donne \u00e0 chacun et chacune le d\u00e9sir d\u2019inventer, de cr\u00e9er et r\u00e9pond \u00e0 la loi de la Joie de vivre <\/p>\n\n\n\n<p>\u27a2 Elle favorise l\u2019\u00e9l\u00e9vation et l\u2019\u00e9volution de l\u2019intellect;<\/p>\n\n\n\n<p> \u27a2 Elle facilite les inventions sous toutes ses formes ;<\/p>\n\n\n\n<p> \u27a2 Elle influence tout ce qu\u2019elle touche. Mais l\u2019\u00e9nergie jaune agit seulement quand nous prenons conscience de sa vibration et choisissons de nous en servir <\/p>\n\n\n\n<p>\u27a2 Pour attirer l\u2019attention, l\u2019int\u00e9r\u00eat de ceux et celles que nous rencontrons ; <\/p>\n\n\n\n<p>\u27a2 Pour rendre les t\u00e2ches plus faciles, plus f\u00e9condes ; <\/p>\n\n\n\n<p>\u27a2 Pour faire fondre les inqui\u00e9tudes et augmenter le courage ; <\/p>\n\n\n\n<p>\u27a2 Pour profiter du moment pr\u00e9sent ; <\/p>\n\n\n\n<p>\u27a2 Pour cr\u00e9er de nouvelles id\u00e9es et mettre en marche des projets.<\/p>\n\n\n\n<h2 class=\"wp-block-heading\">2021 UNE ANNEE 5&nbsp;<\/h2>\n\n\n\n<p>Chaque ann\u00e9e en cours poss\u00e8de son \u00e9nergie ou vibration et sa couleur. En num\u00e9rologie, nous ramenons les chiffres toujours \u00e0 un nombre unique. Par exemple, 2021 = 5 Si l\u2019ann\u00e9e 1 en est une d\u2019id\u00e9es et de projets, l\u2019ann\u00e9e 2 de germination et l\u2019ann\u00e9e 3 de mise en action, l\u2019ann\u00e9e 4, d\u2019organisation et de concr\u00e9tisation, l\u2019ann\u00e9e 5, elle, en est une d\u2019expansion de soi (recherche, voyage, d\u00e9couvertes\u2026) Apr\u00e8s le feu (1), l\u2019eau (2), l\u2019air (3) et la terre (4), le nombre 5 correspond \u00e0 l\u2019\u00e9ther (espace-temps). Il unit les \u00e9l\u00e9ments \u00e0 l\u2019\u00e9ther. Il est le centre de tous les nombres, le balancier, la marge qui s\u00e9pare le physique du spirituel, la transition de la vie, le mouvement qui s\u00e9parent les deux mondes (visibles et invisibles). <\/p>\n\n\n\n<p>Sur le plan individuel, le nombre 5 repr\u00e9sente la libert\u00e9, l&rsquo;aventure, une grande possibilit\u00e9 d&rsquo;adaptation. C&rsquo;est une ann\u00e9e d&rsquo;expansion : l\u2019\u00eatre explore les possibilit\u00e9s de ses cinq sens et d\u00e9veloppe sa pens\u00e9e individuelle. C&rsquo;est une ann\u00e9e de recherche o\u00f9 les connaissances m\u00e9taphysiques arrivent et se d\u00e9veloppent, une ann\u00e9e pour entreprendre de nouvelles \u00e9tudes. C&rsquo;est une ann\u00e9e tr\u00e8s positive pour contacter sa joie de vivre et reprendre son mouvement. On rencontre des gens de diff\u00e9rentes cultures, de diff\u00e9rentes carri\u00e8res. <\/p>\n\n\n\n<p>C\u2019est \u00e9galement l&rsquo;acceptation du changement, du l\u00e2cher prise. Les aspects \u00e0 cultiver Bien utiliser sa libert\u00e9, canaliser son \u00e9nergie, avoir un bon jugement, \u00eatre souple, \u00eatre conscient de sa valeur. <\/p>\n\n\n\n<p>Apprivoiser le d\u00e9tachement, cultiver la patience et le calme. L&rsquo;int\u00e9rieur Il y a des changements importants. C&rsquo;est un temps de vari\u00e9t\u00e9, d&rsquo;amusement, de repos, d&rsquo;expansion. Bonne ann\u00e9e pour \u00e9crire, pour la vente, les arts, la publicit\u00e9, parler en public. Il y a augmentation des capacit\u00e9s psychiques.<\/p>\n\n\n\n<p><em>Cet article a \u00e9t\u00e9 r\u00e9dig\u00e9 par&nbsp;<em><a href=\"https:\/\/spiritualite.com\/profil\/patricia-el-beze\" target=\"_blank\" rel=\"noreferrer noopener\">Patricia El-Beze<\/a><\/em><\/em>&nbsp;<em><em>vous pouvez directement r\u00e9server une s\u00e9ance de&nbsp;<a href=\"https:\/\/spiritualite.com\/service\/74-etude-de-numerologie-vibratoire-evolutive-2h-consultation-plus-theme\">num\u00e9rologie&nbsp;<\/a>avec elle.<\/em><\/em><\/p>\n\n\n\n<blockquote class=\"wp-block-quote is-layout-flow wp-block-quote-is-layout-flow\">\n<div class=\"row recommended\"><div class=\"col-md-3\">\n    <a href=\"#?fromblog\">\n        <div style=\"display: block;\n   position: relative;\">\n            <img decoding=\"async\" class=\"img-fluid lazyload\" data-src=\"https:\/\/spiritualite.com\/assets\/images\/public\/S\/sR\/srhPuiksPRYgkM8L\/offers\/Ql7YBsuXAAZY4wpe_255_190.png\" src=\"data:image\/gif;base64,R0lGODlhAQABAAAAACH5BAEKAAEALAAAAAABAAEAAAICTAEAOw==\" \/>\n        <\/div>\n    <\/a>\n    <div class=\"inner-slider\">\n        <div class=\"inner-wrapper\">\n            <div class=\"d-flex align-items-center\">\n                <span class=\"seller-image\">\n               <img decoding=\"async\" class=\"img-fluid lazyload\"\n                    data-src=\"https:\/\/spiritualite.com\/assets\/images\/spiritualite\/favicon.png\"\n                    alt='Compte d\u00e9sactiv\u00e9' src=\"data:image\/gif;base64,R0lGODlhAQABAAAAACH5BAEKAAEALAAAAAABAAEAAAICTAEAOw==\" \/>\n\n               <\/span>\n                <span class=\"seller-name\">Compte d\u00e9sactiv\u00e9<\/span>\n            <\/div>\n            <a href=\"#?fromblog\"><h3 class=\"service-min-height\">Etude de Numerologie Vibratoire Evolutive (1h30 consultation + theme)<\/h3><\/a>\n            <div class=\"content-info\">\n\n                <div class=\"rating-wrapper d-none\">\n                  <span class=\"gig-rating text-body-2\">\n                     <svg xmlns=\"http:\/\/www.w3.org\/2000\/svg\" viewBox=\"0 0 1792 1792\" width=\"15\" height=\"15\">\n                        <path fill=\"currentColor\"\n                              d=\"M1728 647q0 22-26 48l-363 354 86 500q1 7 1 20 0 21-10.5 35.5t-30.5 14.5q-19 0-40-12l-449-236-449 236q-22 12-40 12-21 0-31.5-14.5t-10.5-35.5q0-6 2-20l86-500-364-354q-25-27-25-48 0-37 56-46l502-73 225-455q19-41 49-41t49 41l225 455 502 73q56 9 56 46z\">\n                        <\/path>\n                     <\/svg>\n                     5                     <span>(15)<\/span>\n                  <\/span>\n                <\/div>\n                <span class=\"user-info-rating d-flex\">\n                                <span class=\"total-rating-out-five text-orange pr-1\"><i class=\"fas fa-star\"><\/i> 5<\/span>\n                <span class=\"total-rating text-muted\">(15)<\/span>\n                            <\/span>\n            <\/div>\n        <\/div>\n    <\/div>\n<\/div>\n<div class=\"col-md-3\">\n    <a href=\"#?fromblog\">\n        <div style=\"display: block;\n   position: relative;\">\n            <img decoding=\"async\" class=\"img-fluid lazyload\" data-src=\"https:\/\/spiritualite.com\/assets\/images\/public\/S\/sR\/srhPuiksPRYgkM8L\/offers\/4srS8hJ8Sp2zO9AB_255_190.png\" src=\"data:image\/gif;base64,R0lGODlhAQABAAAAACH5BAEKAAEALAAAAAABAAEAAAICTAEAOw==\" \/>\n        <\/div>\n    <\/a>\n    <div class=\"inner-slider\">\n        <div class=\"inner-wrapper\">\n            <div class=\"d-flex align-items-center\">\n                <span class=\"seller-image\">\n               <img decoding=\"async\" class=\"img-fluid lazyload\"\n                    data-src=\"https:\/\/spiritualite.com\/assets\/images\/spiritualite\/favicon.png\"\n                    alt='Compte d\u00e9sactiv\u00e9' src=\"data:image\/gif;base64,R0lGODlhAQABAAAAACH5BAEKAAEALAAAAAABAAEAAAICTAEAOw==\" \/>\n\n               <\/span>\n                <span class=\"seller-name\">Compte d\u00e9sactiv\u00e9<\/span>\n            <\/div>\n            <a href=\"#?fromblog\"><h3 class=\"service-min-height\">Je vous propose une formation en nouvelle numerologie  vibratoire evolutive<\/h3><\/a>\n            <div class=\"content-info\">\n\n                <div class=\"rating-wrapper d-none\">\n                  <span class=\"gig-rating text-body-2\">\n                     <svg xmlns=\"http:\/\/www.w3.org\/2000\/svg\" viewBox=\"0 0 1792 1792\" width=\"15\" height=\"15\">\n                        <path fill=\"currentColor\"\n                              d=\"M1728 647q0 22-26 48l-363 354 86 500q1 7 1 20 0 21-10.5 35.5t-30.5 14.5q-19 0-40-12l-449-236-449 236q-22 12-40 12-21 0-31.5-14.5t-10.5-35.5q0-6 2-20l86-500-364-354q-25-27-25-48 0-37 56-46l502-73 225-455q19-41 49-41t49 41l225 455 502 73q56 9 56 46z\">\n                        <\/path>\n                     <\/svg>\n                     0                     <span>(0)<\/span>\n                  <\/span>\n                <\/div>\n                <span class=\"user-info-rating d-flex\">\n                                <span class=\"total-rating-out-five text-orange pr-1\">&nbsp;<\/span>\n                <span class=\"total-rating text-muted\">&nbsp;<\/span>\n                            <\/span>\n            <\/div>\n        <\/div>\n    <\/div>\n<\/div>\n<\/div>\n<\/blockquote>\n","protected":false},"excerpt":{"rendered":"<p>Cet article a \u00e9t\u00e9 r\u00e9dig\u00e9 par&nbsp;Patricia El-Beze&nbsp;vous pouvez directement r\u00e9server une s\u00e9ance de&nbsp;num\u00e9rologie avec elle. Chaque ann\u00e9e est sous l&rsquo;influence&nbsp; d&rsquo;une \u00e9nergie particuli\u00e8re qui exerce son action&nbsp;sur l&rsquo;individu ou qu&rsquo;il soit sur terre. Que&nbsp;nous le voulions ou non, que nous&nbsp;en soyons conscient ou non, chaque jour, des \u00e9nergies nous entourent et agissent sur nous. Par [&hellip;]<\/p>\n","protected":false},"author":16,"featured_media":5051,"comment_status":"open","ping_status":"open","sticky":false,"template":"","format":"standard","meta":{"_monsterinsights_skip_tracking":false,"_monsterinsights_sitenote_active":false,"_monsterinsights_sitenote_note":"","_monsterinsights_sitenote_category":0,"footnotes":""},"categories":[64],"tags":[343,342,29],"class_list":{"0":"post-1635","1":"post","2":"type-post","3":"status-publish","4":"format-standard","5":"has-post-thumbnail","7":"category-articles-de-blog-sur-la-numerologie","8":"tag-annee-5","9":"tag-energie-2021","10":"tag-numerologie-2"},"yoast_head":"<!-- This site is optimized with the Yoast SEO plugin v24.0 - https:\/\/yoast.com\/wordpress\/plugins\/seo\/ -->\n<title>Le rythme et l&#039;\u00e9nergie de cette ann\u00e9e 2021 - Une ann\u00e9e jaune<\/title>\n<meta name=\"description\" content=\"Chaque ann\u00e9e est sous l&#039;influence d&#039;une \u00e9nergie particuli\u00e8re qui exerce son action sur l&#039;individu ou qu&#039;il soit sur terre.\" \/>\n<meta name=\"robots\" content=\"index, follow, max-snippet:-1, max-image-preview:large, max-video-preview:-1\" \/>\n<link rel=\"canonical\" href=\"https:\/\/spiritualite.com\/blog\/le-rythme-et-lenergie-de-cette-annee-2021\/\" \/>\n<meta property=\"og:locale\" content=\"fr_FR\" \/>\n<meta property=\"og:type\" content=\"article\" \/>\n<meta property=\"og:title\" content=\"Le rythme et l&#039;\u00e9nergie de cette ann\u00e9e 2021 - Une ann\u00e9e jaune\" \/>\n<meta property=\"og:description\" content=\"Chaque ann\u00e9e est sous l&#039;influence d&#039;une \u00e9nergie particuli\u00e8re qui exerce son action sur l&#039;individu ou qu&#039;il soit sur terre.\" \/>\n<meta property=\"og:url\" content=\"https:\/\/spiritualite.com\/blog\/le-rythme-et-lenergie-de-cette-annee-2021\/\" \/>\n<meta property=\"og:site_name\" content=\"Blog Spiritualite.com\" \/>\n<meta property=\"article:published_time\" content=\"2021-01-08T16:10:30+00:00\" \/>\n<meta property=\"article:modified_time\" content=\"2023-06-19T18:44:18+00:00\" \/>\n<meta property=\"og:image\" content=\"https:\/\/spiritualite.com\/blog\/wp-content\/uploads\/2021\/01\/pexels-mateusz-dach-332835.jpg\" \/>\n\t<meta property=\"og:image:width\" content=\"1279\" \/>\n\t<meta property=\"og:image:height\" content=\"693\" \/>\n\t<meta property=\"og:image:type\" content=\"image\/jpeg\" \/>\n<meta name=\"author\" content=\"Patricia El-Beze\" \/>\n<meta name=\"twitter:card\" content=\"summary_large_image\" \/>\n<meta name=\"twitter:label1\" content=\"\u00c9crit par\" \/>\n\t<meta name=\"twitter:data1\" content=\"Patricia El-Beze\" \/>\n\t<meta name=\"twitter:label2\" content=\"Dur\u00e9e de lecture estim\u00e9e\" \/>\n\t<meta name=\"twitter:data2\" content=\"4 minutes\" \/>\n<script type=\"application\/ld+json\" class=\"yoast-schema-graph\">{\"@context\":\"https:\/\/schema.org\",\"@graph\":[{\"@type\":\"WebPage\",\"@id\":\"https:\/\/spiritualite.com\/blog\/le-rythme-et-lenergie-de-cette-annee-2021\/\",\"url\":\"https:\/\/spiritualite.com\/blog\/le-rythme-et-lenergie-de-cette-annee-2021\/\",\"name\":\"Le rythme et l'\u00e9nergie de cette ann\u00e9e 2021 - Une ann\u00e9e jaune\",\"isPartOf\":{\"@id\":\"https:\/\/spiritualite.com\/blog\/#website\"},\"primaryImageOfPage\":{\"@id\":\"https:\/\/spiritualite.com\/blog\/le-rythme-et-lenergie-de-cette-annee-2021\/#primaryimage\"},\"image\":{\"@id\":\"https:\/\/spiritualite.com\/blog\/le-rythme-et-lenergie-de-cette-annee-2021\/#primaryimage\"},\"thumbnailUrl\":\"https:\/\/spiritualite.com\/blog\/wp-content\/uploads\/2021\/01\/pexels-mateusz-dach-332835.jpg\",\"datePublished\":\"2021-01-08T16:10:30+00:00\",\"dateModified\":\"2023-06-19T18:44:18+00:00\",\"author\":{\"@id\":\"https:\/\/spiritualite.com\/blog\/#\/schema\/person\/1cf2120aa895700bf17c060325593701\"},\"description\":\"Chaque ann\u00e9e est sous l'influence d'une \u00e9nergie particuli\u00e8re qui exerce son action sur l'individu ou qu'il soit sur terre.\",\"breadcrumb\":{\"@id\":\"https:\/\/spiritualite.com\/blog\/le-rythme-et-lenergie-de-cette-annee-2021\/#breadcrumb\"},\"inLanguage\":\"fr-FR\",\"potentialAction\":[{\"@type\":\"ReadAction\",\"target\":[\"https:\/\/spiritualite.com\/blog\/le-rythme-et-lenergie-de-cette-annee-2021\/\"]}]},{\"@type\":\"ImageObject\",\"inLanguage\":\"fr-FR\",\"@id\":\"https:\/\/spiritualite.com\/blog\/le-rythme-et-lenergie-de-cette-annee-2021\/#primaryimage\",\"url\":\"https:\/\/spiritualite.com\/blog\/wp-content\/uploads\/2021\/01\/pexels-mateusz-dach-332835.jpg\",\"contentUrl\":\"https:\/\/spiritualite.com\/blog\/wp-content\/uploads\/2021\/01\/pexels-mateusz-dach-332835.jpg\",\"width\":1279,\"height\":693,\"caption\":\"\u00e9nergie 2021\"},{\"@type\":\"BreadcrumbList\",\"@id\":\"https:\/\/spiritualite.com\/blog\/le-rythme-et-lenergie-de-cette-annee-2021\/#breadcrumb\",\"itemListElement\":[{\"@type\":\"ListItem\",\"position\":1,\"name\":\"Accueil\",\"item\":\"https:\/\/spiritualite.com\/blog\/\"},{\"@type\":\"ListItem\",\"position\":2,\"name\":\"Num\u00e9rologie\",\"item\":\"https:\/\/spiritualite.com\/blog\/articles-de-blog-sur-la-numerologie\/\"},{\"@type\":\"ListItem\",\"position\":3,\"name\":\"Le rythme et l&rsquo;\u00e9nergie de cette ann\u00e9e 2021\"}]},{\"@type\":\"WebSite\",\"@id\":\"https:\/\/spiritualite.com\/blog\/#website\",\"url\":\"https:\/\/spiritualite.com\/blog\/\",\"name\":\"Blog Spiritualite.com\",\"description\":\"Le Blog Spirituel\",\"potentialAction\":[{\"@type\":\"SearchAction\",\"target\":{\"@type\":\"EntryPoint\",\"urlTemplate\":\"https:\/\/spiritualite.com\/blog\/?s={search_term_string}\"},\"query-input\":{\"@type\":\"PropertyValueSpecification\",\"valueRequired\":true,\"valueName\":\"search_term_string\"}}],\"inLanguage\":\"fr-FR\"},{\"@type\":\"Person\",\"@id\":\"https:\/\/spiritualite.com\/blog\/#\/schema\/person\/1cf2120aa895700bf17c060325593701\",\"name\":\"Patricia El-Beze\",\"image\":{\"@type\":\"ImageObject\",\"inLanguage\":\"fr-FR\",\"@id\":\"https:\/\/spiritualite.com\/blog\/#\/schema\/person\/image\/\",\"url\":\"https:\/\/secure.gravatar.com\/avatar\/4c3c79572cca1b4590ab76f4862aabc9?s=96&d=mm&r=g\",\"contentUrl\":\"https:\/\/secure.gravatar.com\/avatar\/4c3c79572cca1b4590ab76f4862aabc9?s=96&d=mm&r=g\",\"caption\":\"Patricia El-Beze\"},\"url\":\"https:\/\/spiritualite.com\/blog\/author\/patricia-el-beze\/\"}]}<\/script>\n<!-- \/ Yoast SEO plugin. -->","yoast_head_json":{"title":"Le rythme et l'\u00e9nergie de cette ann\u00e9e 2021 - Une ann\u00e9e jaune","description":"Chaque ann\u00e9e est sous l'influence d'une \u00e9nergie particuli\u00e8re qui exerce son action sur l'individu ou qu'il soit sur terre.","robots":{"index":"index","follow":"follow","max-snippet":"max-snippet:-1","max-image-preview":"max-image-preview:large","max-video-preview":"max-video-preview:-1"},"canonical":"https:\/\/spiritualite.com\/blog\/le-rythme-et-lenergie-de-cette-annee-2021\/","og_locale":"fr_FR","og_type":"article","og_title":"Le rythme et l'\u00e9nergie de cette ann\u00e9e 2021 - Une ann\u00e9e jaune","og_description":"Chaque ann\u00e9e est sous l'influence d'une \u00e9nergie particuli\u00e8re qui exerce son action sur l'individu ou qu'il soit sur terre.","og_url":"https:\/\/spiritualite.com\/blog\/le-rythme-et-lenergie-de-cette-annee-2021\/","og_site_name":"Blog Spiritualite.com","article_published_time":"2021-01-08T16:10:30+00:00","article_modified_time":"2023-06-19T18:44:18+00:00","og_image":[{"width":1279,"height":693,"url":"https:\/\/spiritualite.com\/blog\/wp-content\/uploads\/2021\/01\/pexels-mateusz-dach-332835.jpg","type":"image\/jpeg"}],"author":"Patricia El-Beze","twitter_card":"summary_large_image","twitter_misc":{"\u00c9crit par":"Patricia El-Beze","Dur\u00e9e de lecture estim\u00e9e":"4 minutes"},"schema":{"@context":"https:\/\/schema.org","@graph":[{"@type":"WebPage","@id":"https:\/\/spiritualite.com\/blog\/le-rythme-et-lenergie-de-cette-annee-2021\/","url":"https:\/\/spiritualite.com\/blog\/le-rythme-et-lenergie-de-cette-annee-2021\/","name":"Le rythme et l'\u00e9nergie de cette ann\u00e9e 2021 - Une ann\u00e9e jaune","isPartOf":{"@id":"https:\/\/spiritualite.com\/blog\/#website"},"primaryImageOfPage":{"@id":"https:\/\/spiritualite.com\/blog\/le-rythme-et-lenergie-de-cette-annee-2021\/#primaryimage"},"image":{"@id":"https:\/\/spiritualite.com\/blog\/le-rythme-et-lenergie-de-cette-annee-2021\/#primaryimage"},"thumbnailUrl":"https:\/\/spiritualite.com\/blog\/wp-content\/uploads\/2021\/01\/pexels-mateusz-dach-332835.jpg","datePublished":"2021-01-08T16:10:30+00:00","dateModified":"2023-06-19T18:44:18+00:00","author":{"@id":"https:\/\/spiritualite.com\/blog\/#\/schema\/person\/1cf2120aa895700bf17c060325593701"},"description":"Chaque ann\u00e9e est sous l'influence d'une \u00e9nergie particuli\u00e8re qui exerce son action sur l'individu ou qu'il soit sur terre.","breadcrumb":{"@id":"https:\/\/spiritualite.com\/blog\/le-rythme-et-lenergie-de-cette-annee-2021\/#breadcrumb"},"inLanguage":"fr-FR","potentialAction":[{"@type":"ReadAction","target":["https:\/\/spiritualite.com\/blog\/le-rythme-et-lenergie-de-cette-annee-2021\/"]}]},{"@type":"ImageObject","inLanguage":"fr-FR","@id":"https:\/\/spiritualite.com\/blog\/le-rythme-et-lenergie-de-cette-annee-2021\/#primaryimage","url":"https:\/\/spiritualite.com\/blog\/wp-content\/uploads\/2021\/01\/pexels-mateusz-dach-332835.jpg","contentUrl":"https:\/\/spiritualite.com\/blog\/wp-content\/uploads\/2021\/01\/pexels-mateusz-dach-332835.jpg","width":1279,"height":693,"caption":"\u00e9nergie 2021"},{"@type":"BreadcrumbList","@id":"https:\/\/spiritualite.com\/blog\/le-rythme-et-lenergie-de-cette-annee-2021\/#breadcrumb","itemListElement":[{"@type":"ListItem","position":1,"name":"Accueil","item":"https:\/\/spiritualite.com\/blog\/"},{"@type":"ListItem","position":2,"name":"Num\u00e9rologie","item":"https:\/\/spiritualite.com\/blog\/articles-de-blog-sur-la-numerologie\/"},{"@type":"ListItem","position":3,"name":"Le rythme et l&rsquo;\u00e9nergie de cette ann\u00e9e 2021"}]},{"@type":"WebSite","@id":"https:\/\/spiritualite.com\/blog\/#website","url":"https:\/\/spiritualite.com\/blog\/","name":"Blog Spiritualite.com","description":"Le Blog Spirituel","potentialAction":[{"@type":"SearchAction","target":{"@type":"EntryPoint","urlTemplate":"https:\/\/spiritualite.com\/blog\/?s={search_term_string}"},"query-input":{"@type":"PropertyValueSpecification","valueRequired":true,"valueName":"search_term_string"}}],"inLanguage":"fr-FR"},{"@type":"Person","@id":"https:\/\/spiritualite.com\/blog\/#\/schema\/person\/1cf2120aa895700bf17c060325593701","name":"Patricia El-Beze","image":{"@type":"ImageObject","inLanguage":"fr-FR","@id":"https:\/\/spiritualite.com\/blog\/#\/schema\/person\/image\/","url":"https:\/\/secure.gravatar.com\/avatar\/4c3c79572cca1b4590ab76f4862aabc9?s=96&d=mm&r=g","contentUrl":"https:\/\/secure.gravatar.com\/avatar\/4c3c79572cca1b4590ab76f4862aabc9?s=96&d=mm&r=g","caption":"Patricia El-Beze"},"url":"https:\/\/spiritualite.com\/blog\/author\/patricia-el-beze\/"}]}},"fimg_url":"https:\/\/spiritualite.com\/blog\/wp-content\/uploads\/2021\/01\/pexels-mateusz-dach-332835.jpg","_links":{"self":[{"href":"https:\/\/spiritualite.com\/blog\/wp-json\/wp\/v2\/posts\/1635","targetHints":{"allow":["GET"]}}],"collection":[{"href":"https:\/\/spiritualite.com\/blog\/wp-json\/wp\/v2\/posts"}],"about":[{"href":"https:\/\/spiritualite.com\/blog\/wp-json\/wp\/v2\/types\/post"}],"author":[{"embeddable":true,"href":"https:\/\/spiritualite.com\/blog\/wp-json\/wp\/v2\/users\/16"}],"replies":[{"embeddable":true,"href":"https:\/\/spiritualite.com\/blog\/wp-json\/wp\/v2\/comments?post=1635"}],"version-history":[{"count":5,"href":"https:\/\/spiritualite.com\/blog\/wp-json\/wp\/v2\/posts\/1635\/revisions"}],"predecessor-version":[{"id":5052,"href":"https:\/\/spiritualite.com\/blog\/wp-json\/wp\/v2\/posts\/1635\/revisions\/5052"}],"wp:featuredmedia":[{"embeddable":true,"href":"https:\/\/spiritualite.com\/blog\/wp-json\/wp\/v2\/media\/5051"}],"wp:attachment":[{"href":"https:\/\/spiritualite.com\/blog\/wp-json\/wp\/v2\/media?parent=1635"}],"wp:term":[{"taxonomy":"category","embeddable":true,"href":"https:\/\/spiritualite.com\/blog\/wp-json\/wp\/v2\/categories?post=1635"},{"taxonomy":"post_tag","embeddable":true,"href":"https:\/\/spiritualite.com\/blog\/wp-json\/wp\/v2\/tags?post=1635"}],"curies":[{"name":"wp","href":"https:\/\/api.w.org\/{rel}","templated":true}]}}