{"id":1582,"date":"2021-01-07T01:08:59","date_gmt":"2021-01-07T00:08:59","guid":{"rendered":"https:\/\/spiritualite.com\/blog\/?p=1582"},"modified":"2023-06-19T21:01:18","modified_gmt":"2023-06-19T19:01:18","slug":"quest-ce-que-lame","status":"publish","type":"post","link":"https:\/\/spiritualite.com\/blog\/quest-ce-que-lame\/","title":{"rendered":"Qu\u2019est ce que l\u2019\u00e2me ?"},"content":{"rendered":"\n<p><em>Cet article a \u00e9t\u00e9 r\u00e9dig\u00e9 par&nbsp;<em><a rel=\"noreferrer noopener\" href=\"https:\/\/spiritualite.com\/profil\/patricia-el-beze\" target=\"_blank\">Patricia El-Beze<\/a><\/em><\/em>&nbsp;<em><em>vous pouvez directement r\u00e9server une s\u00e9ance de&nbsp;<a href=\"https:\/\/spiritualite.com\/service\/74-etude-de-numerologie-vibratoire-evolutive-2h-consultation-plus-theme\">num\u00e9rologie vibratoire&nbsp;<\/a>avec elle.<\/em><\/em><\/p>\n\n\n\n<p><em>Ici, le grand Cr\u00e9ateur, de tout ce qui est, a mis en oeuvre le mouvement, la vie dans ce que l\u2019on appelle l\u2019Univers.<\/em><\/p>\n\n\n\n<p><em>Face \u00e0 Son D\u00e9sir de voir na\u00eetre, grandir, \u00e9voluer sa Cr\u00e9ation, avec l\u2019aide de lois qui r\u00e9gissent le Tout, Il a mis en place un \u00e9l\u00e9ment qui, pour Lui, est primordial. Cet \u00e9l\u00e9ment, prolongement de sa Personnalit\u00e9, effusant l\u2019Amour comme base, c\u2019est l\u2019Homme constitu\u00e9 spirituellement et physiquement.<\/em><\/p>\n\n\n\n<p><em>L\u2019Homme est \u00e0 la fois parcelle divine par l\u2019\u00e2me qui le compose d\u2019abord, et est physique par le corps physique qui est le prolongement de l\u2019\u00e2me dans la mati\u00e8re.<\/em><\/p>\n\n\n\n<p><em>Afin que la Source de vie ait ce contact continu avec sa Cr\u00e9ation, de la faire \u00e9voluer par la conscience, Il a \u00e9tabli, en l\u2019Homme spirituel et physique, cette opportunit\u00e9 d\u2019\u00eatre le lien entre Lui et la mati\u00e8re cr\u00e9\u00e9e.<\/em><\/p>\n\n\n\n<h2 class=\"wp-block-heading\">Qu\u2019est ce que l\u2019\u00e2me?<\/h2>\n\n\n\n<p>Ai-je une bonne connaissance de ce qu\u2019est l\u2019\u00e2me que je suis? Comment agit-elle en moi? Et mon corps physique, doit-il \u00eatre orient\u00e9, dirig\u00e9, contr\u00f4l\u00e9 dans ce qui est vrai et l\u00e9gitime par moi, \u00e2me agissante? Mes capacit\u00e9s physiques, intellectuelles, psychiques, spirituelles, et mes pouvoirs int\u00e9rieurs sont -ils en lien avec cette parcelle divine qui me compose? Cette force, qui est moi, me permet-elle de cr\u00e9er divinement, et d\u2019\u00eatre ce fameux lien entre la Source et la mati\u00e8re? En suis-je r\u00e9ellement conscient?<\/p>\n\n\n\n<p>Il semble que le simple mot \u00e2me d\u00e9clenche dans l\u2019esprit des gens toute une s\u00e9rie de questions qui trouvent plus ou moins de r\u00e9ponses justes. On ne comprend pas trop ce qu\u2019est vraiment l\u2019\u00e2me dans toute la pl\u00e9nitude de sa v\u00e9rit\u00e9.<\/p>\n\n\n\n<p>Lorsque Dieu cr\u00e9a l\u2019Univers, il y avait dans son plan un \u00eatre qui devait faire le joint entre Lui et l\u2019\u00e9nergie mat\u00e9rialis\u00e9e qui sortait de sa puissance. Cet \u00eatre devait \u00eatre intelligent; il devait \u00eatre conscient. Mais il lui fallait aussi un \u00e9l\u00e9ment d\u2019union qui lui permettrait de s\u2019unir avec harmonie au Cr\u00e9ateur. Cet \u00e9l\u00e9ment conscient n\u2019\u00e9tait pas, bien s\u00fbr, dans les pierres; dans les plantes et dans les animaux. Ces \u00eatres vivants ont une conscience collective; un aimant qui les attire l\u2019un vers l\u2019autre de mani\u00e8re \u00e0 cr\u00e9er de l\u2019harmonie entre tout ce qui existe.<\/p>\n\n\n\n<p>Mais l\u2019homme, lui, a un cerveau intelligent, c\u2019est-\u00e0-dire qu\u2019il peut raisonner, conna\u00eetre les choses et distinguer les causes des effets. Alors lorsque ce cerveau a \u00e9t\u00e9 assez d\u00e9velopp\u00e9, et qu\u2019il \u00e9tait apte \u00e0 raisonner, Dieu lui donna un rayon de lumi\u00e8re venant directement de ses hautes vibrations pour rendre cet homme intelligent capable de s\u2019unir \u00e0 Lui.<\/p>\n\n\n\n<p>Cet \u00e9l\u00e9ment divin s\u2019appelle l\u2019\u00e2me. Le rayon de lumi\u00e8re, qui est \u00e0 l\u2019origine de l\u2019\u00e2me, porte dans ses cellules d\u2019\u00e9nergie un plan d\u2019\u00e9volution. Mais qu\u2019y a-t-il dans ce plan? Le plan est-il le m\u00eame pour tous? \u00c0 ces questions, on peut r\u00e9pondre non. Chaque \u00e2me a un plan particulier toujours bas\u00e9 sur l\u2019observance des lois.<\/p>\n\n\n\n<h2 class=\"wp-block-heading\">L\u2019\u00e2me et le corps<\/h2>\n\n\n\n<p>Il nous semble que le support a plus ou moins d\u2019influence sur 1\u2019\u00e2me ou bien que l\u2019\u00e2me n\u2019a pas d\u2019influence valable sur le corps. Il faut nous d\u00e9tromper, l\u2019un est en symbiose avec l\u2019autre. Si la g\u00e9n\u00e9tique de l\u2019\u00eatre est saine, l\u2019\u00e2me qui l\u2019habite \u00e9voluera normalement pendant ses ann\u00e9es de vie. Le corps biologique sera assez intelligent pour raisonner, et pour comprendre jusqu\u2019\u00e0 un certain point la nature de Dieu dans l\u2019Univers.<\/p>\n\n\n\n<p>L\u2019\u00e2me, elle, toute neuve, pas encore \u00e9volu\u00e9e, jette tout de m\u00eame un rayon spirituel sur ses cellules nerveuses. C\u2019est ainsi, pendant des vies et des vies, que, peu \u00e0 peu, des g\u00e9n\u00e9rations d\u00e9veloppent le potentiel de leur cerveau. Mais l\u2019\u00e2me, elle aussi, en m\u00eame temps, \u00e9volue. Elle suit le rythme du support physique qu\u2019elle prend \u00e0 diff\u00e9rentes \u00e9poques du temps.<\/p>\n\n\n\n<p>Que fait donc l\u2019\u00e2me dans ces corps primitifs? Elle y s\u00e8me un germe de piti\u00e9, de mis\u00e9ricorde. Elle jette la semence des services d\u2019une conscience quelque peu philosophique. On l\u2019appelle la sagesse des humbles. C\u2019est l\u2019\u00e2me qui fait cela. L\u2019animal que l\u2019homme c\u00f4toie ne le fait pas. Il poss\u00e8de une \u00e2me collective, une \u00e2me d\u2019esp\u00e8ce, de race et non une \u00e2me individuelle.<\/p>\n\n\n\n<p>On peut remonter ainsi toute l\u2019\u00e9volution, g\u00e9n\u00e9ration par g\u00e9n\u00e9ration. L\u2019\u00e2me fait son ascension en compagnie du support qu\u2019elle prend \u00e0 diff\u00e9rentes \u00e9poques de l\u2019espace-temps.<\/p>\n\n\n\n<h2 class=\"wp-block-heading\">Comment cette \u00e2me agit-elle dans les cellules humaines?<\/h2>\n\n\n\n<p>On est port\u00e9 \u00e0 penser que l\u2019\u00e2me ne r\u00e9side que dans le domaine invisible, spirituel, psychique ou de la pens\u00e9e. Et pourtant, elle est l\u00e0 dans chaque cellule biologique du corps. Comment se fait-il qu\u2019elle soit dans chaque cellule ? Elle y est par son \u00e9nergie intelligente, une \u00e9nergie qui fait que chaque cellule est \u00e0 sa place et qui, si elle n\u2019est pas perturb\u00e9e, n\u2019empi\u00e8te pas sur l\u2019espace de l\u2019autre.<\/p>\n\n\n\n<p>L\u2019\u00e2me fait que la cellule imprime tout dans sa m\u00e9moire biologique. C\u2019est elle qui permet \u00e0 l\u2019homme de distinguer ce qu\u2019il doit faire et ce qu\u2019il ne doit pas faire. C\u2019est elle qui fait dire \u00abNon\u00bb \u00e0 celui qui est pr\u00eat \u00e0 violer la loi. Ce n\u2019est pas seulement la volont\u00e9. C\u2019est la volont\u00e9 anim\u00e9e par l\u2019\u00e2me. L\u2019\u00e2me, c\u2019est ce qui fait que vous \u00eates homme; que vous avez des r\u00e9flexes humains; que vous savez que vous savez et que vous savez pourquoi vous voulez telle chose.<\/p>\n\n\n\n<p>C\u2019est l\u2019\u00e2me qui fait que vous avez un cerveau d\u00e9velopp\u00e9, et que le seuil de d\u00e9veloppement de vos cellules puisse \u00eatre d\u00e9pass\u00e9. C\u2019est elle qui fait que vos cellules nerveuses centrales puissent analyser les effets, et les causes des diff\u00e9rents \u00e9v\u00e9nements de la nature. Car, si vous n\u2019aviez pas d\u2019\u00e2me, votre cerveau n\u2019aurait pas d\u00e9pass\u00e9 le d\u00e9veloppement de l\u2019animal, m\u00eame le plus intelligent. C\u2019est l\u2019\u00e2me, cette lumi\u00e8re divine, qui \u00e9veille dans l\u2019homme l\u2019amour, cette partie la plus \u00e9lev\u00e9e de l\u2019homme. Et pourtant, comme on veut souvent \u00e9teindre cette lumi\u00e8re divine qu\u2019est l\u2019\u00e2me! Comme on veut la faire taire, et comme on veut l\u2019oublier! Bien souvent nous serions presque heureux de ne plus la poss\u00e9der\u2026.<\/p>\n\n\n\n<h2 class=\"wp-block-heading\">La sup\u00e9riorit\u00e9 de l&rsquo;homme<\/h2>\n\n\n\n<p>Nous savons suffisamment ce qu\u2019est l\u2019\u00e2me. Il n\u2019y a d\u2019ailleurs qu\u2019\u00e0 observer ce qui se passe dans l\u2019homme, et ce qui se passe dans les autres \u00eatres et, tout de suite, nous constatons la sup\u00e9riorit\u00e9 de l\u2019\u00eatre humain. Cette sup\u00e9riorit\u00e9, nous le savons maintenant, vient du d\u00e9veloppement des cellules nerveuses du cerveau, d\u00e9veloppement qui a fait na\u00eetre une \u00e9nergie avec laquelle l\u2019\u00e9nergie spirituelle de l\u2019\u00e2me a pu prendre contact. Elle a donc cr\u00e9\u00e9 un lien qui part des plus hautes vibrations divines, lesquelles descendent dans l\u2019homme, et l\u2019homme les fait descendre lui-m\u00eame jusqu\u2019\u00e0 l\u2019atome. Nous avons compris cela. Nous pouvons maintenant monter dans des sph\u00e8res plus hautes, celles par exemple du service qu\u2019une \u00e2me \u00e9volu\u00e9e rend au cosmos.<\/p>\n\n\n\n<p>Voil\u00e0 qu\u2019un \u00eatre intelligent surgit, un \u00eatre qui porte un plan d\u00e9termin\u00e9 et qui peut, consciemment, volontairement, appliquer ses r\u00e9alisations aux besoins du degr\u00e9 d\u2019o\u00f9 son \u00e2me est venue. Comment se fait-il que, moi qui ne connais pas d\u2019o\u00f9 vient mon \u00e2me, je puisse rendre service au degr\u00e9 d\u2019o\u00f9 elle est sortie? Il est certain que votre conscience humaine ne le sait pas, mais votre \u00e2me, elle, le sait. Elle sait quels services rendent vos r\u00e9alisations. Elle sait que chaque acte conscient et volontaire devient un atout dans le service \u00e0 rendre au cosmos. C\u2019est votre conscience, avec toutes les autres consciences, qui forme la grande conscience cosmique; ce qui fait dire \u00e0 quelques savants que la mati\u00e8re est de la \u00ab pens\u00e9e mat\u00e9rialis\u00e9e \u00bb.<\/p>\n\n\n\n<p>L\u2019\u00e2me sait tout ce qui vous concerne. Elle \u00e9volue avec votre corps physique, mais en portant en elle une lumi\u00e8re inn\u00e9e qui lui fait voir les choses dans les t\u00e9n\u00e8bres.<\/p>\n\n\n\n<h2 class=\"wp-block-heading\">L\u2019\u00e2me \u00e0 son commencement<\/h2>\n\n\n\n<p> Analysons sommairement, mais analysons tout de m\u00eame les actes \u00e9volutifs que l\u2019\u00e2me a r\u00e9alis\u00e9s dans son support physique. Prenons par exemple une \u00e2me neuve dans un support d\u00e9j\u00e0 passablement \u00e9volu\u00e9 biologiquement. L\u2019enfant na\u00eet; il n\u2019a pas conscience de ce qu\u2019il fait; il n\u2019agit qu\u2019instinctivement; il ob\u00e9it aux commandements de ses cellules; son \u00e2me est comme latente dans son \u00eatre. L\u2019enfant grandit. Il est sous la tutelle des parents qui l\u2019instruisent plus ou moins bien des lois de la nature et peut-\u00eatre des lois divines; sa conscience est encore bien faible. C\u2019est presque une conscience biologique affective. Pendant ce temps, l\u2019\u00e2me de l\u2019enfant \u00e9volue. Elle \u00e9volue, mais au ralenti, parce que la conscience intellectuelle n\u2019y est pas encore form\u00e9e.<\/p>\n\n\n\n<p>L\u2019enfant commence l\u2019\u00e9cole. Il est encore sous la tutelle d\u2019un autre. Il ne peut laisser libre cours \u00e0 tout ce qui vit en lui. Il a toutes sortes d\u2019aspirations, mais il n\u2019ob\u00e9it qu\u2019aux cadres; qu\u2019\u00e0 ce qu\u2019on lui enseigne; qu\u2019\u00e0 ce qu\u2019on lui dit \u00eatre vrai, et qui doit \u00eatre fait ainsi.<\/p>\n\n\n\n<p>L\u2019enfant devient adulte. Il atteint l\u2019\u00e2ge de vingt ans. Il sait maintenant, d\u2019apr\u00e8s ce qu\u2019il a appris, comment il doit agir. S\u2019il a appris une religion quelconque, il lui ob\u00e9it. Il a appris une mani\u00e8re de vivre socialement. Il a \u00e9tudi\u00e9 une carri\u00e8re dans des cadres. Il a entendu des r\u00e9flexions, et des r\u00e9flexions sur tous les sujets. Il a lu maints et maints volumes pr\u00eachant diff\u00e9rentes philosophies. Tout cela a form\u00e9 un fonds de connaissances, bien s\u00fbr, mais des connaissances plus ou moins vraies. Son jugement s\u2019est form\u00e9 d\u2019apr\u00e8s tout ce qu\u2019il a vu, entendu et lu. S\u2019est-il form\u00e9 d\u2019une mani\u00e8re juste? C\u2019est \u00e0 voir. L\u2019homme fonde ensuite un foyer. Est-il pr\u00eat \u00e0 le fonder? Est-il pr\u00eat \u00e0 \u00e9duquer des enfants, \u00e0 comprendre son conjoint? Tout cela est \u00e0 voir. Est-ce que cet homme \u00e9volue? Pour dire qu\u2019il n\u2019\u00e9volue pas, on ne peut pas le dire, mais on peut dire qu\u2019il \u00e9volue peu, parce qu\u2019il est pris tout entier par sa carri\u00e8re; par l\u2019obligation ou les charges d\u2019une famille; par des ambitions naturelles, mais mat\u00e9rielles tout de m\u00eame; pour atteindre un certain statut social; une certaine valeur financi\u00e8re. Il pratique une religion, peut-\u00eatre grosso modo, peut-\u00eatre seulement le dimanche, et dans cette pratique de religion y met-il toute son \u00e2me, tout son c\u0153ur? Cette pratique n\u2019est-elle pas que routini\u00e8re, que pour la fa\u00e7ade, pour laisser croire qu\u2019on suit tel ou tel principe? Et l\u2019homme vieillit. L\u2019\u00e2ge de la retraite vient vite.<\/p>\n\n\n\n<h2 class=\"wp-block-heading\">L&rsquo;\u00e9volution de l&rsquo;homme<\/h2>\n\n\n\n<p>Qu\u2019est ce que cet homme a fait au juste pour \u00e9voluer, \u00e9voluer comme on l\u2019entend, et non comme \u00eatre humain qui \u00e9volue dans la mati\u00e8re, dans la technique, dans les inventions de toutes sortes, toujours attach\u00e9 \u00e0 la mati\u00e8re? Il a \u00e9volu\u00e9, bien s\u00fbr, dans les biens et l\u2019acquisition des biens; dans la possession de responsabilit\u00e9s sociales. Mais est-ce vraiment cela l\u2019\u00e9volution? Est-ce vraiment cela qui rapproche l\u2019homme de Dieu? Est-ce vraiment cela qui unit la mati\u00e8re \u00e0 son Cr\u00e9ateur? On est port\u00e9 \u00e0 croire que non.<\/p>\n\n\n\n<p>Cependant, on s\u2019aper\u00e7oit que la vie passe. L\u2019homme n\u2019a \u00e9volu\u00e9 que par bribes. Il n\u2019a pas \u00e9volu\u00e9 spirituellement d\u2019une mani\u00e8re consciente et voulue. Le plus souvent l\u2019homme a v\u00e9cu comme un \u00eatre humain, bien s\u00fbr, mais seulement comme un \u00eatre humain. La nature de l\u2019homme est toujours mis\u00e9ricordieuse, port\u00e9e \u00e0 la piti\u00e9, \u00e0 l\u2019aide \u00e0 autrui. C\u2019est la nature m\u00eame de l\u2019\u00eatre humain. Il l\u2019a dans les cellules de son syst\u00e8me nerveux central. Mais ce n\u2019est pas cela l\u2019\u00e9volution. Ce ne sont l\u00e0 que des gestes humains que n\u2019importe quel \u00eatre qui ne croit m\u00eame pas en Dieu poss\u00e8de.<\/p>\n\n\n\n<p>L\u2019\u00e9volution, c\u2019est quelque chose de plus, peut-\u00eatre pas en actes concrets mais en pens\u00e9es qui accompagnent ces actes, en intentions qui les motivent. Voil\u00e0 le plus difficile \u00e0 r\u00e9aliser! On est tellement pris par toutes les obligations civiles de la vie! Cependant la vie passe et on s\u2019aper\u00e7oit, au bout du chemin, que le volume de l\u2019\u00e9volution est mince, et que l\u2019\u00e2me n\u2019a r\u00e9alis\u00e9 que quelques lignes de son plan.<\/p>\n\n\n\n<p>Pourtant ce plan est rempli d\u2019actes \u00e0 r\u00e9aliser. C\u2019est un \u00e9difice complexe auquel il faut attacher de la conscience. Pensez-vous que cette vie, m\u00eame si elle dure soixante ou soixante-dix ans, a \u00e9t\u00e9 suffisamment longue pour cr\u00e9er un pont entre la mati\u00e8re et Dieu? Elle a cr\u00e9\u00e9, bien s\u00fbr, des passerelles; elle a trac\u00e9 des sentiers plus ou moins longs, mais elle n\u2019a pas cr\u00e9\u00e9 cette ligne continue qui unit la mati\u00e8re \u00e0 la conscience et la conscience \u00e0 Dieu.<\/p>\n\n\n\n<h2 class=\"wp-block-heading\">Comment l\u2019homme peut-il sortir de ce labyrinthe?<\/h2>\n\n\n\n<p>Doit-il toujours recommencer le m\u00eame processus avec les m\u00eames id\u00e9es, de la naissance \u00e0 la mort? Va-t-il pouvoir, un jour, trouver le chemin du d\u00e9sir de conna\u00eetre, et d\u2019appliquer les actes de sa vie aux connaissances acquises qu\u2019il a su d\u00e9couvrir dans les lois universelles? Il y a des hommes, bien s\u00fbr, qui ont une grande sagesse; qui \u00e9tudient la mati\u00e8re dans ses d\u00e9tails; qui en galbent leur vie. Suite \u00e0 cela, combien de points laissent-ils de c\u00f4t\u00e9? Combien de lois les laissent indiff\u00e9rents? On trouve donc de par le monde des hommes tr\u00e8s \u00e9volu\u00e9s, mais dans un ou deux domaines seulement. Sur le reste, ce sont presque des automates. Ils vivent selon le mod\u00e8le qu\u2019ils poss\u00e8dent depuis toujours.<\/p>\n\n\n\n<p>L\u2019\u00e2me donne la vie au corps. Si le corps ob\u00e9issait sans cesse aux suggestions de l\u2019\u00e2me, l\u2019\u00e9volution serait rapide. \u00c0 chaque support, il y aurait un progr\u00e8s m\u00eame biologique car l\u2019\u00e2me, en \u00e9tant plus forte, injecte une \u00e9nergie plus puissante qui donne plus de vie, et cela \u00e0 l\u2019\u00eatre biologique lui-m\u00eame.<\/p>\n\n\n\n<p>C\u2019est vrai qu\u2019il reste l\u2019h\u00e9r\u00e9dit\u00e9. Cette h\u00e9r\u00e9dit\u00e9 g\u00e9n\u00e9tique, si mauvaise soit-elle, peut \u00eatre am\u00e9lior\u00e9e de beaucoup par l\u2019\u00e2me \u00e0 laquelle on ob\u00e9it. Dans la nature tout a une fin ou du moins, nous semble-t-il, il y en a une. La plante meurt pendant l\u2019hiver mais est-elle morte? Les insectes \u00e9galement mais, au moindre rayon de soleil, ils revivent. C\u2019est donc la m\u00e9moire de la nature qui transmet sans cesse son mod\u00e8le. Cependant, il y a des arbres qui ne meurent pas, qui vivent m\u00eame des si\u00e8cles. Alors pourquoi l\u2019homme, lui, meurt-il si jeune? Pourquoi meurt-il, bien souvent, \u00e0 la fleur de l\u2019\u00e2ge? L\u2019\u00e2me immortelle dans chacun est pourtant toujours l\u00e0.<\/p>\n\n\n\n<h2 class=\"wp-block-heading\">La nature m\u00eame de la nature<\/h2>\n\n\n\n<p>Dans la nature, il y a une force de d\u00e9gradation que les hommes de science appellent l\u2019entropie. C\u2019est l\u2019usure des \u00e9l\u00e9ments, c\u2019est-\u00e0-dire que, c\u2019est plut\u00f4t la transformation des \u00e9l\u00e9ments, mais que l\u2019on prend pour de l\u2019usure. C\u2019est ainsi, par exemple, que les m\u00e9taux lourds se sont form\u00e9s, ceux qui \u00e9chappent leur \u00e9nergie comme les radioactifs. Au commencement ces m\u00e9taux n\u2019\u00e9taient pas ainsi d\u00e9grad\u00e9s. L\u2019homme suit les lois de l\u2019entropie; il se d\u00e9grade. Aux yeux de tous, il meurt. Comme nous le disions pour la plante, est-il mort? Son corps biologique est mort, c\u2019est certain, mais non son principe de vie et cet \u00e9l\u00e9ment de continuit\u00e9 de toutes choses. Le cha\u00eenon n\u2019est pas rompu. Cependant, on peut donner plus de force \u00e0 ce cha\u00eenon, plus de puissance \u00e0 cet \u00e9l\u00e9ment de continuit\u00e9, si bien, qu\u2019il r\u00e9siste \u00e0 l\u2019entropie, et qu\u2019il ne se rompe pas. Comment donner plus de force \u00e0 ce cha\u00eenon si on le laisse toujours dans le m\u00eame milieu, dans les m\u00eames conditions, si on ne lui injecte pas une \u00e9nergie sup\u00e9rieure qui lui donne plus de r\u00e9sistance, et plus de perfection dans sa structure? On peut donc croire que, en observant ce principe, on vaincra l\u2019entropie et que le corps physique, toujours nourri ad\u00e9quatement dans tous ses \u00e9l\u00e9ments, pourra braver le temps, et laisser le m\u00eame support \u00e0 son \u00e2me aussi longtemps que ces conditions de vie continue existeront.<\/p>\n\n\n\n<h2 class=\"wp-block-heading\">Les croyances limitantes<\/h2>\n\n\n\n<p>Il est difficile pour des hommes qui n\u2019ont pas habitu\u00e9 leur raisonnement \u00e0 analyser tous ces liens qui existent entre chaque chose, de comprendre ce que la vie continue signifie. Il y a des croyances qui existent presque depuis le commencement du monde mais des croyances qui sont souvent fausses. Les g\u00e9n\u00e9rations les perp\u00e9tuent et finalement on les prend pour des lois universelles.<\/p>\n\n\n\n<p>Il est difficile de d\u00e9truire des traditions qui existent depuis des si\u00e8cles surtout lorsque ces traditions prennent la forme de lois et que, bien souvent, on attribue leur r\u00e9v\u00e9lation \u00e0 des \u00eatres sup\u00e9rieurs qui, bien souvent, ne les ont jamais prononc\u00e9es. Comment alors croire qu\u2019une vie continue peut \u00eatre v\u00e9cue par des hommes tels que vous les connaissez aujourd\u2019hui; des hommes assaillis de maladies; de sentiments n\u00e9gatifs; d\u2019actes injustes; de pillages et violations de toutes sortes du sens moral? L\u2019\u00e2me alors est absolument captive du corps car, souvent, elle n\u2019est pas assez forte pour renverser la tendance des pens\u00e9es et des actes n\u00e9gatifs. L\u2019\u00e2me est donc, malgr\u00e9 sa puissance et sa divinit\u00e9, soumise \u00e0 l\u2019homme. Elle lui pr\u00e9sente un plan, une mani\u00e8re de vivre, un guide, mais l\u2019homme ferme les yeux; il ne veut pas voir le plan, et il ne veut pas entendre ce que l\u2019\u00e2me veut lui dire.<\/p>\n\n\n\n<h2 class=\"wp-block-heading\">Comment se fait-il qu\u2019un homme mat\u00e9riel puisse ainsi dominer un apport spirituel?<\/h2>\n\n\n\n<p>Examinons le fait. Le commencement de la vie a son origine dans l\u2019\u00c9nergie infinie. Les \u00e9l\u00e9ments de cette origine baissent leurs vibrations, et \u00e0 mesure que l\u2019\u00e9volution de la mati\u00e8re avance, celles de la vie se dirigent sans cesse vers l\u2019origine palpable de la mati\u00e8re. Cette origine palpable est dans les acides amin\u00e9s, puis dans l\u2019ADN, \u00e9l\u00e9ment qui compose les chromosomes qui renferment les g\u00e8nes, \u00e9l\u00e9ments de l\u2019h\u00e9r\u00e9dit\u00e9. Mais ce point d\u2019attache dans la mati\u00e8re est extr\u00eamement solide. Il lui permet de r\u00e9sister aux \u00e9nergies qui pourraient le d\u00e9truire. Il faut que la vie continue; il faut qu\u2019elle se perp\u00e9tue; il faut qu\u2019il y ait des \u00eatres qui la portent, et la s\u00e8ment autour d\u2019eux.<\/p>\n\n\n\n<p>Cet \u00e9tat de vie demande beaucoup d\u2019\u00e9l\u00e9ments solides, d\u2019\u00e9l\u00e9ments qui ne peuvent \u00eatre rompus par des \u00e9l\u00e9ments qui pourraient couper le fil de la vie. Voil\u00e0 comment l\u2019homme est fait. De plus, il a d\u00e9velopp\u00e9 un syst\u00e8me nerveux d\u2019une extr\u00eame sensibilit\u00e9 dont la r\u00e9percussion se fait surtout sentir dans la chair elle-m\u00eame. L\u2019\u00e2me, on ne la voit pas. Il faut un acte de foi pour y croire. Il faut essayer de reconna\u00eetre son agissement en nous, car autrement, on a l\u2019impression qu\u2019elle n\u2019existe pas. Comme nous sommes des \u00eatres sensibles, des \u00eatres visuels, nous attachons bien plus d\u2019importance \u00e0 ce qui se voit et \u00e0 ce qui se touche qu\u2019\u00e0 ce qui nous est invisible lors m\u00eame que Dieu lui-m\u00eame nous le dit. D\u2019ailleurs, si l\u2019attache de la mati\u00e8re n\u2019\u00e9tait pas aussi forte, il serait risqu\u00e9 que la vie perde de sa r\u00e9sistance, et que l\u2019\u00e2me soit priv\u00e9e de son support.<\/p>\n\n\n\n<p>L\u2019\u00e2me, bien s\u00fbr, fait partie de l\u2019homme et elle est indispensable.<\/p>\n\n\n\n<p><em>Cet article a \u00e9t\u00e9 r\u00e9dig\u00e9 par&nbsp;<em><a href=\"https:\/\/spiritualite.com\/profil\/patricia-el-beze\" target=\"_blank\" rel=\"noreferrer noopener\">Patricia El-Beze<\/a><\/em><\/em>&nbsp;<em><em>vous pouvez directement r\u00e9server une s\u00e9ance de&nbsp;<a href=\"https:\/\/spiritualite.com\/service\/74-etude-de-numerologie-vibratoire-evolutive-2h-consultation-plus-theme\">num\u00e9rologie vibratoire&nbsp;<\/a>avec elle.<\/em><\/em><\/p>\n\n\n\n<blockquote class=\"wp-block-quote is-layout-flow wp-block-quote-is-layout-flow\">\n<div class=\"row recommended\"><div class=\"col-md-3\">\n    <a href=\"#?fromblog\">\n        <div style=\"display: block;\n   position: relative;\">\n            <img decoding=\"async\" class=\"img-fluid lazyload\" data-src=\"https:\/\/spiritualite.com\/assets\/images\/public\/S\/sR\/srhPuiksPRYgkM8L\/offers\/Ql7YBsuXAAZY4wpe_255_190.png\" src=\"data:image\/gif;base64,R0lGODlhAQABAAAAACH5BAEKAAEALAAAAAABAAEAAAICTAEAOw==\" \/>\n        <\/div>\n    <\/a>\n    <div class=\"inner-slider\">\n        <div class=\"inner-wrapper\">\n            <div class=\"d-flex align-items-center\">\n                <span class=\"seller-image\">\n               <img decoding=\"async\" class=\"img-fluid lazyload\"\n                    data-src=\"https:\/\/spiritualite.com\/assets\/images\/spiritualite\/favicon.png\"\n                    alt='Compte d\u00e9sactiv\u00e9' src=\"data:image\/gif;base64,R0lGODlhAQABAAAAACH5BAEKAAEALAAAAAABAAEAAAICTAEAOw==\" \/>\n\n               <\/span>\n                <span class=\"seller-name\">Compte d\u00e9sactiv\u00e9<\/span>\n            <\/div>\n            <a href=\"#?fromblog\"><h3 class=\"service-min-height\">Etude de Numerologie Vibratoire Evolutive (1h30 consultation + theme)<\/h3><\/a>\n            <div class=\"content-info\">\n\n                <div class=\"rating-wrapper d-none\">\n                  <span class=\"gig-rating text-body-2\">\n                     <svg xmlns=\"http:\/\/www.w3.org\/2000\/svg\" viewBox=\"0 0 1792 1792\" width=\"15\" height=\"15\">\n                        <path fill=\"currentColor\"\n                              d=\"M1728 647q0 22-26 48l-363 354 86 500q1 7 1 20 0 21-10.5 35.5t-30.5 14.5q-19 0-40-12l-449-236-449 236q-22 12-40 12-21 0-31.5-14.5t-10.5-35.5q0-6 2-20l86-500-364-354q-25-27-25-48 0-37 56-46l502-73 225-455q19-41 49-41t49 41l225 455 502 73q56 9 56 46z\">\n                        <\/path>\n                     <\/svg>\n                     5                     <span>(15)<\/span>\n                  <\/span>\n                <\/div>\n                <span class=\"user-info-rating d-flex\">\n                                <span class=\"total-rating-out-five text-orange pr-1\"><i class=\"fas fa-star\"><\/i> 5<\/span>\n                <span class=\"total-rating text-muted\">(15)<\/span>\n                            <\/span>\n            <\/div>\n        <\/div>\n    <\/div>\n<\/div>\n<div class=\"col-md-3\">\n    <a href=\"#?fromblog\">\n        <div style=\"display: block;\n   position: relative;\">\n            <img decoding=\"async\" class=\"img-fluid lazyload\" data-src=\"https:\/\/spiritualite.com\/assets\/images\/public\/S\/sR\/srhPuiksPRYgkM8L\/offers\/4srS8hJ8Sp2zO9AB_255_190.png\" src=\"data:image\/gif;base64,R0lGODlhAQABAAAAACH5BAEKAAEALAAAAAABAAEAAAICTAEAOw==\" \/>\n        <\/div>\n    <\/a>\n    <div class=\"inner-slider\">\n        <div class=\"inner-wrapper\">\n            <div class=\"d-flex align-items-center\">\n                <span class=\"seller-image\">\n               <img decoding=\"async\" class=\"img-fluid lazyload\"\n                    data-src=\"https:\/\/spiritualite.com\/assets\/images\/spiritualite\/favicon.png\"\n                    alt='Compte d\u00e9sactiv\u00e9' src=\"data:image\/gif;base64,R0lGODlhAQABAAAAACH5BAEKAAEALAAAAAABAAEAAAICTAEAOw==\" \/>\n\n               <\/span>\n                <span class=\"seller-name\">Compte d\u00e9sactiv\u00e9<\/span>\n            <\/div>\n            <a href=\"#?fromblog\"><h3 class=\"service-min-height\">Je vous propose une formation en nouvelle numerologie  vibratoire evolutive<\/h3><\/a>\n            <div class=\"content-info\">\n\n                <div class=\"rating-wrapper d-none\">\n                  <span class=\"gig-rating text-body-2\">\n                     <svg xmlns=\"http:\/\/www.w3.org\/2000\/svg\" viewBox=\"0 0 1792 1792\" width=\"15\" height=\"15\">\n                        <path fill=\"currentColor\"\n                              d=\"M1728 647q0 22-26 48l-363 354 86 500q1 7 1 20 0 21-10.5 35.5t-30.5 14.5q-19 0-40-12l-449-236-449 236q-22 12-40 12-21 0-31.5-14.5t-10.5-35.5q0-6 2-20l86-500-364-354q-25-27-25-48 0-37 56-46l502-73 225-455q19-41 49-41t49 41l225 455 502 73q56 9 56 46z\">\n                        <\/path>\n                     <\/svg>\n                     0                     <span>(0)<\/span>\n                  <\/span>\n                <\/div>\n                <span class=\"user-info-rating d-flex\">\n                                <span class=\"total-rating-out-five text-orange pr-1\">&nbsp;<\/span>\n                <span class=\"total-rating text-muted\">&nbsp;<\/span>\n                            <\/span>\n            <\/div>\n        <\/div>\n    <\/div>\n<\/div>\n<\/div>\n<\/blockquote>\n","protected":false},"excerpt":{"rendered":"<p>Cet article a \u00e9t\u00e9 r\u00e9dig\u00e9 par&nbsp;Patricia El-Beze&nbsp;vous pouvez directement r\u00e9server une s\u00e9ance de&nbsp;num\u00e9rologie vibratoire&nbsp;avec elle. Ici, le grand Cr\u00e9ateur, de tout ce qui est, a mis en oeuvre le mouvement, la vie dans ce que l\u2019on appelle l\u2019Univers. Face \u00e0 Son D\u00e9sir de voir na\u00eetre, grandir, \u00e9voluer sa Cr\u00e9ation, avec l\u2019aide de lois qui r\u00e9gissent [&hellip;]<\/p>\n","protected":false},"author":16,"featured_media":5063,"comment_status":"open","ping_status":"open","sticky":false,"template":"","format":"standard","meta":{"_monsterinsights_skip_tracking":false,"_monsterinsights_sitenote_active":false,"_monsterinsights_sitenote_note":"","_monsterinsights_sitenote_category":0,"footnotes":""},"categories":[42],"tags":[359,358],"class_list":{"0":"post-1582","1":"post","2":"type-post","3":"status-publish","4":"format-standard","5":"has-post-thumbnail","7":"category-bien-etre","8":"tag-lame-2","9":"tag-lame"},"yoast_head":"<!-- This site is optimized with the Yoast SEO plugin v24.0 - https:\/\/yoast.com\/wordpress\/plugins\/seo\/ -->\n<title>Qu\u2019est ce que l\u2019\u00e2me ? - L&#039;article r\u00e9f\u00e9rence sur l&#039;\u00e2me<\/title>\n<meta name=\"description\" content=\"Ai-je une bonne connaissance de ce qu\u2019est l\u2019\u00e2me que je suis? Comment agit-elle en moi? On vous d\u00e9voile tout dans cett article.\" \/>\n<meta name=\"robots\" content=\"index, follow, max-snippet:-1, max-image-preview:large, max-video-preview:-1\" \/>\n<link rel=\"canonical\" href=\"https:\/\/spiritualite.com\/blog\/quest-ce-que-lame\/\" \/>\n<meta property=\"og:locale\" content=\"fr_FR\" \/>\n<meta property=\"og:type\" content=\"article\" \/>\n<meta property=\"og:title\" content=\"Qu\u2019est ce que l\u2019\u00e2me ? - L&#039;article r\u00e9f\u00e9rence sur l&#039;\u00e2me\" \/>\n<meta property=\"og:description\" content=\"Ai-je une bonne connaissance de ce qu\u2019est l\u2019\u00e2me que je suis? Comment agit-elle en moi? On vous d\u00e9voile tout dans cett article.\" \/>\n<meta property=\"og:url\" content=\"https:\/\/spiritualite.com\/blog\/quest-ce-que-lame\/\" \/>\n<meta property=\"og:site_name\" content=\"Blog Spiritualite.com\" \/>\n<meta property=\"article:published_time\" content=\"2021-01-07T00:08:59+00:00\" \/>\n<meta property=\"article:modified_time\" content=\"2023-06-19T19:01:18+00:00\" \/>\n<meta property=\"og:image\" content=\"https:\/\/spiritualite.com\/blog\/wp-content\/uploads\/2021\/01\/pexels-cottonbro-studio-4974355.jpg\" \/>\n\t<meta property=\"og:image:width\" content=\"1280\" \/>\n\t<meta property=\"og:image:height\" content=\"853\" \/>\n\t<meta property=\"og:image:type\" content=\"image\/jpeg\" \/>\n<meta name=\"author\" content=\"Patricia El-Beze\" \/>\n<meta name=\"twitter:card\" content=\"summary_large_image\" \/>\n<meta name=\"twitter:label1\" content=\"\u00c9crit par\" \/>\n\t<meta name=\"twitter:data1\" content=\"Patricia El-Beze\" \/>\n\t<meta name=\"twitter:label2\" content=\"Dur\u00e9e de lecture estim\u00e9e\" \/>\n\t<meta name=\"twitter:data2\" content=\"16 minutes\" \/>\n<script type=\"application\/ld+json\" class=\"yoast-schema-graph\">{\"@context\":\"https:\/\/schema.org\",\"@graph\":[{\"@type\":\"WebPage\",\"@id\":\"https:\/\/spiritualite.com\/blog\/quest-ce-que-lame\/\",\"url\":\"https:\/\/spiritualite.com\/blog\/quest-ce-que-lame\/\",\"name\":\"Qu\u2019est ce que l\u2019\u00e2me ? - L'article r\u00e9f\u00e9rence sur l'\u00e2me\",\"isPartOf\":{\"@id\":\"https:\/\/spiritualite.com\/blog\/#website\"},\"primaryImageOfPage\":{\"@id\":\"https:\/\/spiritualite.com\/blog\/quest-ce-que-lame\/#primaryimage\"},\"image\":{\"@id\":\"https:\/\/spiritualite.com\/blog\/quest-ce-que-lame\/#primaryimage\"},\"thumbnailUrl\":\"https:\/\/spiritualite.com\/blog\/wp-content\/uploads\/2021\/01\/pexels-cottonbro-studio-4974355.jpg\",\"datePublished\":\"2021-01-07T00:08:59+00:00\",\"dateModified\":\"2023-06-19T19:01:18+00:00\",\"author\":{\"@id\":\"https:\/\/spiritualite.com\/blog\/#\/schema\/person\/1cf2120aa895700bf17c060325593701\"},\"description\":\"Ai-je une bonne connaissance de ce qu\u2019est l\u2019\u00e2me que je suis? Comment agit-elle en moi? On vous d\u00e9voile tout dans cett article.\",\"breadcrumb\":{\"@id\":\"https:\/\/spiritualite.com\/blog\/quest-ce-que-lame\/#breadcrumb\"},\"inLanguage\":\"fr-FR\",\"potentialAction\":[{\"@type\":\"ReadAction\",\"target\":[\"https:\/\/spiritualite.com\/blog\/quest-ce-que-lame\/\"]}]},{\"@type\":\"ImageObject\",\"inLanguage\":\"fr-FR\",\"@id\":\"https:\/\/spiritualite.com\/blog\/quest-ce-que-lame\/#primaryimage\",\"url\":\"https:\/\/spiritualite.com\/blog\/wp-content\/uploads\/2021\/01\/pexels-cottonbro-studio-4974355.jpg\",\"contentUrl\":\"https:\/\/spiritualite.com\/blog\/wp-content\/uploads\/2021\/01\/pexels-cottonbro-studio-4974355.jpg\",\"width\":1280,\"height\":853,\"caption\":\"l\u2019\u00e2me\"},{\"@type\":\"BreadcrumbList\",\"@id\":\"https:\/\/spiritualite.com\/blog\/quest-ce-que-lame\/#breadcrumb\",\"itemListElement\":[{\"@type\":\"ListItem\",\"position\":1,\"name\":\"Accueil\",\"item\":\"https:\/\/spiritualite.com\/blog\/\"},{\"@type\":\"ListItem\",\"position\":2,\"name\":\"Bien-\u00eatre\",\"item\":\"https:\/\/spiritualite.com\/blog\/bien-etre\/\"},{\"@type\":\"ListItem\",\"position\":3,\"name\":\"Qu\u2019est ce que l\u2019\u00e2me ?\"}]},{\"@type\":\"WebSite\",\"@id\":\"https:\/\/spiritualite.com\/blog\/#website\",\"url\":\"https:\/\/spiritualite.com\/blog\/\",\"name\":\"Blog Spiritualite.com\",\"description\":\"Le Blog Spirituel\",\"potentialAction\":[{\"@type\":\"SearchAction\",\"target\":{\"@type\":\"EntryPoint\",\"urlTemplate\":\"https:\/\/spiritualite.com\/blog\/?s={search_term_string}\"},\"query-input\":{\"@type\":\"PropertyValueSpecification\",\"valueRequired\":true,\"valueName\":\"search_term_string\"}}],\"inLanguage\":\"fr-FR\"},{\"@type\":\"Person\",\"@id\":\"https:\/\/spiritualite.com\/blog\/#\/schema\/person\/1cf2120aa895700bf17c060325593701\",\"name\":\"Patricia El-Beze\",\"image\":{\"@type\":\"ImageObject\",\"inLanguage\":\"fr-FR\",\"@id\":\"https:\/\/spiritualite.com\/blog\/#\/schema\/person\/image\/\",\"url\":\"https:\/\/secure.gravatar.com\/avatar\/4c3c79572cca1b4590ab76f4862aabc9?s=96&d=mm&r=g\",\"contentUrl\":\"https:\/\/secure.gravatar.com\/avatar\/4c3c79572cca1b4590ab76f4862aabc9?s=96&d=mm&r=g\",\"caption\":\"Patricia El-Beze\"},\"url\":\"https:\/\/spiritualite.com\/blog\/author\/patricia-el-beze\/\"}]}<\/script>\n<!-- \/ Yoast SEO plugin. -->","yoast_head_json":{"title":"Qu\u2019est ce que l\u2019\u00e2me ? - L'article r\u00e9f\u00e9rence sur l'\u00e2me","description":"Ai-je une bonne connaissance de ce qu\u2019est l\u2019\u00e2me que je suis? Comment agit-elle en moi? On vous d\u00e9voile tout dans cett article.","robots":{"index":"index","follow":"follow","max-snippet":"max-snippet:-1","max-image-preview":"max-image-preview:large","max-video-preview":"max-video-preview:-1"},"canonical":"https:\/\/spiritualite.com\/blog\/quest-ce-que-lame\/","og_locale":"fr_FR","og_type":"article","og_title":"Qu\u2019est ce que l\u2019\u00e2me ? - L'article r\u00e9f\u00e9rence sur l'\u00e2me","og_description":"Ai-je une bonne connaissance de ce qu\u2019est l\u2019\u00e2me que je suis? Comment agit-elle en moi? On vous d\u00e9voile tout dans cett article.","og_url":"https:\/\/spiritualite.com\/blog\/quest-ce-que-lame\/","og_site_name":"Blog Spiritualite.com","article_published_time":"2021-01-07T00:08:59+00:00","article_modified_time":"2023-06-19T19:01:18+00:00","og_image":[{"width":1280,"height":853,"url":"https:\/\/spiritualite.com\/blog\/wp-content\/uploads\/2021\/01\/pexels-cottonbro-studio-4974355.jpg","type":"image\/jpeg"}],"author":"Patricia El-Beze","twitter_card":"summary_large_image","twitter_misc":{"\u00c9crit par":"Patricia El-Beze","Dur\u00e9e de lecture estim\u00e9e":"16 minutes"},"schema":{"@context":"https:\/\/schema.org","@graph":[{"@type":"WebPage","@id":"https:\/\/spiritualite.com\/blog\/quest-ce-que-lame\/","url":"https:\/\/spiritualite.com\/blog\/quest-ce-que-lame\/","name":"Qu\u2019est ce que l\u2019\u00e2me ? - L'article r\u00e9f\u00e9rence sur l'\u00e2me","isPartOf":{"@id":"https:\/\/spiritualite.com\/blog\/#website"},"primaryImageOfPage":{"@id":"https:\/\/spiritualite.com\/blog\/quest-ce-que-lame\/#primaryimage"},"image":{"@id":"https:\/\/spiritualite.com\/blog\/quest-ce-que-lame\/#primaryimage"},"thumbnailUrl":"https:\/\/spiritualite.com\/blog\/wp-content\/uploads\/2021\/01\/pexels-cottonbro-studio-4974355.jpg","datePublished":"2021-01-07T00:08:59+00:00","dateModified":"2023-06-19T19:01:18+00:00","author":{"@id":"https:\/\/spiritualite.com\/blog\/#\/schema\/person\/1cf2120aa895700bf17c060325593701"},"description":"Ai-je une bonne connaissance de ce qu\u2019est l\u2019\u00e2me que je suis? Comment agit-elle en moi? On vous d\u00e9voile tout dans cett article.","breadcrumb":{"@id":"https:\/\/spiritualite.com\/blog\/quest-ce-que-lame\/#breadcrumb"},"inLanguage":"fr-FR","potentialAction":[{"@type":"ReadAction","target":["https:\/\/spiritualite.com\/blog\/quest-ce-que-lame\/"]}]},{"@type":"ImageObject","inLanguage":"fr-FR","@id":"https:\/\/spiritualite.com\/blog\/quest-ce-que-lame\/#primaryimage","url":"https:\/\/spiritualite.com\/blog\/wp-content\/uploads\/2021\/01\/pexels-cottonbro-studio-4974355.jpg","contentUrl":"https:\/\/spiritualite.com\/blog\/wp-content\/uploads\/2021\/01\/pexels-cottonbro-studio-4974355.jpg","width":1280,"height":853,"caption":"l\u2019\u00e2me"},{"@type":"BreadcrumbList","@id":"https:\/\/spiritualite.com\/blog\/quest-ce-que-lame\/#breadcrumb","itemListElement":[{"@type":"ListItem","position":1,"name":"Accueil","item":"https:\/\/spiritualite.com\/blog\/"},{"@type":"ListItem","position":2,"name":"Bien-\u00eatre","item":"https:\/\/spiritualite.com\/blog\/bien-etre\/"},{"@type":"ListItem","position":3,"name":"Qu\u2019est ce que l\u2019\u00e2me ?"}]},{"@type":"WebSite","@id":"https:\/\/spiritualite.com\/blog\/#website","url":"https:\/\/spiritualite.com\/blog\/","name":"Blog Spiritualite.com","description":"Le Blog Spirituel","potentialAction":[{"@type":"SearchAction","target":{"@type":"EntryPoint","urlTemplate":"https:\/\/spiritualite.com\/blog\/?s={search_term_string}"},"query-input":{"@type":"PropertyValueSpecification","valueRequired":true,"valueName":"search_term_string"}}],"inLanguage":"fr-FR"},{"@type":"Person","@id":"https:\/\/spiritualite.com\/blog\/#\/schema\/person\/1cf2120aa895700bf17c060325593701","name":"Patricia El-Beze","image":{"@type":"ImageObject","inLanguage":"fr-FR","@id":"https:\/\/spiritualite.com\/blog\/#\/schema\/person\/image\/","url":"https:\/\/secure.gravatar.com\/avatar\/4c3c79572cca1b4590ab76f4862aabc9?s=96&d=mm&r=g","contentUrl":"https:\/\/secure.gravatar.com\/avatar\/4c3c79572cca1b4590ab76f4862aabc9?s=96&d=mm&r=g","caption":"Patricia El-Beze"},"url":"https:\/\/spiritualite.com\/blog\/author\/patricia-el-beze\/"}]}},"fimg_url":"https:\/\/spiritualite.com\/blog\/wp-content\/uploads\/2021\/01\/pexels-cottonbro-studio-4974355.jpg","_links":{"self":[{"href":"https:\/\/spiritualite.com\/blog\/wp-json\/wp\/v2\/posts\/1582","targetHints":{"allow":["GET"]}}],"collection":[{"href":"https:\/\/spiritualite.com\/blog\/wp-json\/wp\/v2\/posts"}],"about":[{"href":"https:\/\/spiritualite.com\/blog\/wp-json\/wp\/v2\/types\/post"}],"author":[{"embeddable":true,"href":"https:\/\/spiritualite.com\/blog\/wp-json\/wp\/v2\/users\/16"}],"replies":[{"embeddable":true,"href":"https:\/\/spiritualite.com\/blog\/wp-json\/wp\/v2\/comments?post=1582"}],"version-history":[{"count":5,"href":"https:\/\/spiritualite.com\/blog\/wp-json\/wp\/v2\/posts\/1582\/revisions"}],"predecessor-version":[{"id":5064,"href":"https:\/\/spiritualite.com\/blog\/wp-json\/wp\/v2\/posts\/1582\/revisions\/5064"}],"wp:featuredmedia":[{"embeddable":true,"href":"https:\/\/spiritualite.com\/blog\/wp-json\/wp\/v2\/media\/5063"}],"wp:attachment":[{"href":"https:\/\/spiritualite.com\/blog\/wp-json\/wp\/v2\/media?parent=1582"}],"wp:term":[{"taxonomy":"category","embeddable":true,"href":"https:\/\/spiritualite.com\/blog\/wp-json\/wp\/v2\/categories?post=1582"},{"taxonomy":"post_tag","embeddable":true,"href":"https:\/\/spiritualite.com\/blog\/wp-json\/wp\/v2\/tags?post=1582"}],"curies":[{"name":"wp","href":"https:\/\/api.w.org\/{rel}","templated":true}]}}